[{"@context":"https:\/\/schema.org\/","@type":"BlogPosting","@id":"https:\/\/officefit.dk\/blog\/sandra-skotte-laegesekretaer-hos-regionspsykiatrien-vest\/#BlogPosting","mainEntityOfPage":"https:\/\/officefit.dk\/blog\/sandra-skotte-laegesekretaer-hos-regionspsykiatrien-vest\/","headline":"Sandra Skotte, L\u00e6gesekret\u00e6r hos Regionspsykiatrien Vest","name":"Sandra Skotte, L\u00e6gesekret\u00e6r hos Regionspsykiatrien Vest","description":"\"Genialt! Intet mindre end genialt.\" Sandra Skotte, L\u00e6gesekret\u00e6r ved Regionspsykiatrien Vest Sandra er ih\u00e6rdig OfficeFitter og mindst lige s\u00e5 ih\u00e6rdig som Sundhedsambassad\u00f8r.\u00a0H\u00f8r Sandra fort\u00e6lle om, hvordan Bev\u00e6gelseskonceptet bliver brugt i [&hellip;]","datePublished":"2021-10-08","dateModified":"2023-06-14","author":{"@type":"Person","@id":"https:\/\/officefit.dk\/blog\/author\/mathiasofficefit-dk\/#Person","name":"Mathias Trillingsgaard","url":"https:\/\/officefit.dk\/blog\/author\/mathiasofficefit-dk\/","identifier":4,"image":{"@type":"ImageObject","@id":"https:\/\/secure.gravatar.com\/avatar\/747a630532d5a0963ecf6f6578e99b5671e3c321c8f16739a69305bf698b1cc6?s=96&d=mm&r=g","url":"https:\/\/secure.gravatar.com\/avatar\/747a630532d5a0963ecf6f6578e99b5671e3c321c8f16739a69305bf698b1cc6?s=96&d=mm&r=g","height":96,"width":96}},"publisher":{"@type":"Organization","name":"OfficeFit","logo":{"@type":"ImageObject","@id":"https:\/\/officefit.dk\/wp-content\/uploads\/2020\/06\/officefit-logo.jpg","url":"https:\/\/officefit.dk\/wp-content\/uploads\/2020\/06\/officefit-logo.jpg","width":600,"height":60}},"image":{"@type":"ImageObject","@id":"https:\/\/officefit.dk\/wp-content\/uploads\/Sandra-Skotte.png","url":"https:\/\/officefit.dk\/wp-content\/uploads\/Sandra-Skotte.png","height":548,"width":548},"url":"https:\/\/officefit.dk\/blog\/sandra-skotte-laegesekretaer-hos-regionspsykiatrien-vest\/","about":["Kundecases","Personer"],"wordCount":116,"articleBody":"\t\t\t\t\t\t\t\t\t\t\t\t\t\t\t\t\t\t\t\t\t\t\t\t\t\t\t\t\t\t\t\t\t\t\t\t\t\t\t\t\t\t\t\t\t\t\t\t\t\t\t\t\t\t\t\t\t\t\t\t\t\t\t\t\t\t\t\t\t\t\t\t\t\t\t\t\t\t\t\t\t\t\t\t\t\t\t\t\t\t\t\t\t\t\t\t\t\t\t\"Genialt! Intet mindre end genialt.\"\t\t\t\t\t\t\t\t\t\t\t\t\t\t\t\t\t\t\t\t\tSandra Skotte, L\u00e6gesekret\u00e6r ved Regionspsykiatrien Vest\t\t\t\t\t\t\t\t\t\t\t\t\t\t\t\t\t\t\t\t\t\t\t\t\t\t\t\t\t\t\t\t\t\t\t\t\t\t\t\t\t\t\t\t\t\t\t\t\t\t\t\t\t\t\t\t\t\t\t\t\t\t\t\t\t\t\t\t\t\t\t\t\tSandra er ih\u00e6rdig OfficeFitter og mindst lige s\u00e5 ih\u00e6rdig som Sundhedsambassad\u00f8r.\u00a0H\u00f8r Sandra fort\u00e6lle om, hvordan Bev\u00e6gelseskonceptet bliver brugt i dagligdagen hos Regionspsykiatren Vest.\t\t\t\t\t\t\t\t\t\t\t\t\t\t\t\t\t\t\t\t\t\t\t\t\t\t\t\t\t\t\t\t\t\t\t\t\t\t\t\t\t\t\t\t\t\t\t\t\t\t\t\t\t\t\t\t\t\t\t\t\t\t\t\t\t\t\t\t\t\t\t\t\t\t\tSandra syntes at Bev\u00e6gelseskonceptet er genialt! Blandt hendes kollegaer er der ogs\u00e5 gl\u00e6de at spore ved konceptet, da det kan fjerne den d\u00e5rlige samvittighed der rammer, n\u00e5r man ligger p\u00e5 sofaen om aftenen. De har jo v\u00e6ret aktiv og i bev\u00e6gelse i l\u00f8bet af deres arbejdsdag.\t\t\t\t\t\t\t\t\t\t\t\t\t\t\t\t\t\t\t\t\t\t\t\t\t\t\t\t\t\t\t\t\t\t\t\t\t\t\t\t\t\t\t\t\t\t\t\t\t\t\t\t\t\t\t\t\t\t\tS\u00e5dan siger Sandra\t\t\t\t\t\t\t\t\t\t\t\t\t\t\t\t\t\t\t\t\t\t\t\t\t\t\t\t\t\t\t\t\t\t\t\t\t\t\t\t\t\t\t\t\t\t\t\t\t\t\t\t\t\t\t\t\t\t\t\t\t\t\t\t\t\t\t\t\t\t\t\t\t\t\tH\u00f8r hvad Sandra siger om OfficeFit.\t\t\t\t\t\t\t\t\t\t\t\t\t\t\t\t\t\t\t\t\t\t\t\t\t\t\t\t\t\t\t\t\t\t\t\t\t\t\t\t\t\t\t\t\t\t\t\t\t\t\t\t\t\t\t\t\t\t\t\t\t\t\t\t\t\t\t\t\t\t\t\t\t\t\t\t\t\t\t\t\t\t\t\t\t\t\t\t\t\t\tH\u00f8r hvordan Sandra bruger sin Sundhedskoordinator-uddannelse i hverdagen.\u00a0\t\t\t\t\t\t\t\t\t\t\t\t\t\t\t\t\t\t\t\t\t\t\t\t\t\t\t\t\t\t\t\t\t\t\t\t\t\t\t\t\t\t\t\t\t\t"},{"@context":"https:\/\/schema.org\/","@type":"BreadcrumbList","itemListElement":[{"@type":"ListItem","position":1,"name":"Blog","item":"https:\/\/officefit.dk\/blog\/#breadcrumbitem"},{"@type":"ListItem","position":2,"name":"Sandra Skotte, L\u00e6gesekret\u00e6r hos Regionspsykiatrien Vest","item":"https:\/\/officefit.dk\/blog\/sandra-skotte-laegesekretaer-hos-regionspsykiatrien-vest\/#breadcrumbitem"}]}]