[{"@context":"https:\/\/schema.org\/","@type":"BlogPosting","@id":"https:\/\/officefit.dk\/blog\/elsebeth-videbaek-ejer-af-officeforalle-aps\/#BlogPosting","mainEntityOfPage":"https:\/\/officefit.dk\/blog\/elsebeth-videbaek-ejer-af-officeforalle-aps\/","headline":"Elsebeth Videb\u00e6k, ejer af OfficeTilAlle Aps","name":"Elsebeth Videb\u00e6k, ejer af OfficeTilAlle Aps","description":"\"Det er f\u00f8rste gang i min tilv\u00e6relse nogensinde, at jeg ikke har v\u00e6ret p\u00e5 kur - jeg har bare spist fornuftigt, og s\u00e5 har jeg s\u00f8rget for at bev\u00e6ge mig\". [&hellip;]","datePublished":"2020-08-18","dateModified":"2023-06-14","author":{"@type":"Person","@id":"https:\/\/officefit.dk\/blog\/author\/nannioxbollgmail-com\/#Person","name":"Nanni Jensen","url":"https:\/\/officefit.dk\/blog\/author\/nannioxbollgmail-com\/","identifier":2,"image":{"@type":"ImageObject","@id":"https:\/\/secure.gravatar.com\/avatar\/cd8e6ea62d989ef34bc972259a9598f23a944e74142b0f90d280ea9a2d5e2b2d?s=96&d=mm&r=g","url":"https:\/\/secure.gravatar.com\/avatar\/cd8e6ea62d989ef34bc972259a9598f23a944e74142b0f90d280ea9a2d5e2b2d?s=96&d=mm&r=g","height":96,"width":96}},"publisher":{"@type":"Organization","name":"OfficeFit","logo":{"@type":"ImageObject","@id":"https:\/\/officefit.dk\/wp-content\/uploads\/2020\/06\/officefit-logo.jpg","url":"https:\/\/officefit.dk\/wp-content\/uploads\/2020\/06\/officefit-logo.jpg","width":600,"height":60}},"image":{"@type":"ImageObject","@id":"https:\/\/officefit.dk\/wp-content\/uploads\/Elsebeth_Videb\u00e6k_OfficeForAlle_Officefitter_featured.png","url":"https:\/\/officefit.dk\/wp-content\/uploads\/Elsebeth_Videb\u00e6k_OfficeForAlle_Officefitter_featured.png","height":548,"width":548},"url":"https:\/\/officefit.dk\/blog\/elsebeth-videbaek-ejer-af-officeforalle-aps\/","about":["Kundecases","Personer"],"wordCount":194,"articleBody":"\t\t\t\t\t\t\t\t\t\t\t\t\t\t\t\t\t\t\t\t\t\t\t\t\t\t\t\t\t\t\t\t\t\t\t\t\t\t\t\t\t\t\t\t\t\t\t\t\t\t\t\t\t\t\t\t\t\t\t\t\t\t\t\t\t\t\t\t\t\t\t\t\t\t\t\t\t\t\t\t\t\t\t\t\t\t\t\t\t\t\t\t\t\t\t\t\t\t\t\"Det er f\u00f8rste gang i min tilv\u00e6relse nogensinde, at jeg ikke har v\u00e6ret p\u00e5 kur - jeg har bare spist fornuftigt, og s\u00e5 har jeg s\u00f8rget for at bev\u00e6ge mig\".\t\t\t\t\t\t\t\t\t\t\t\t\t\t\t\t\t\t\t\t\tElsebeth Videb\u00e6k, ejer af OfficeTilAlle ApS\t\t\t\t\t\t\t\t\t\t\t\t\t\t\t\t\t\t\t\t\t\t\t\t\t\t\t\t\t\t\t\t\t\t\t\t\t\t\t\t\t\t\t\t\t\t\t\t\t\t\t\t\t\t\t\t\t\t\t\t\t\t\t\t\t\t\t\t\t\t\t\t\tElsebeth har snart v\u00e6ret OfficeFitter i 2 \u00e5r. F\u00f8rste gang hun s\u00e5 kontorcyklen, var hos ATEA i Aalborg.\u00a0I dag er Elsebeth selv en flittig bruger af kontorcyklen. N\u00e5r hun tjekker mails om morgenen, cykler hun. N\u00e5r hun redigerer film, cykler hun. Men n\u00e5r hun underviser online, kan hun ikke cykle. I stedet er hun god til at st\u00e5 op, n\u00e5r hun underviser til konferencer og lignende.\t\t\t\t\t\t\t\t\t\t\t\t\t\t\t\t\t\t\t\t\t\t\t\t\t\t\t\t\t\t\t\t\t\t\t\t\t\t\t\t\t\t\t\t\t\t\t\t\t\t\t\t\t\t\t\t\t\t\t\t\t\t\t\t\t\t\t\t\t\t\t\t\t\t\tDet g\u00f8r hun til dels, fordi hun selv f\u00f8ler, at hun kommunikerer bedre &#8211; og dels fordi det er sundt, og det \u00f8ger forbr\u00e6ndingen i forhold til at sidde ned. \u00a0\u00a0Elsebeth l\u00e6gger ikke skjul p\u00e5, at hun hader fitnesscentre. Derfor har kontorcyklen p\u00e5 arbejdet, kombineret med g\u00e5ture i fritiden, netop hjulpet hende med at f\u00e5 mere bev\u00e6gelse ind i hverdagen.\t\t\t\t\t\t\t\t\t\t\t\t\t\t\t\t\t\t\t\t\t\t\t\t\t\t\t\t\t\t\t\t\t\t\t\t\t\t\t\t\t\t\t\t\t\t\t\t\t\t\t\t\t\t\t\t\t\t\tS\u00e5dan siger Elsebeth\t\t\t\t\t\t\t\t\t\t\t\t\t\t\t\t\t\t\t\t\t\t\t\t\t\t\t\t\t\t\t\t\t\t\t\t\t\t\t\t\t\t\t\t\t\t\t\t\t\t\t\t\t\t\t\t\t\t\t\t\t\t\t\t\t\t\t\t\t\t\t\t\t\t\t\t\t\t\t\t\t\t\t\t\t\t\t\t\t\t\tH\u00f8r her, hvad Elsebeth siger til bev\u00e6gelse i arbejdstiden\t\t\t\t\t\t\t\t\t\t\t\t\t\t\t\t\t\t\t\t\t\t\t\t\t\t\t\t\t\t\t\t\t\t\t\t\t\t\t\t\t\t\t\t\t\t\t\t\t\t\t\t\t\t\t\t\t\t\t\t\t\t"},{"@context":"https:\/\/schema.org\/","@type":"BreadcrumbList","itemListElement":[{"@type":"ListItem","position":1,"name":"Blog","item":"https:\/\/officefit.dk\/blog\/#breadcrumbitem"},{"@type":"ListItem","position":2,"name":"Elsebeth Videb\u00e6k, ejer af OfficeTilAlle Aps","item":"https:\/\/officefit.dk\/blog\/elsebeth-videbaek-ejer-af-officeforalle-aps\/#breadcrumbitem"}]}]